{"id":193,"date":"2017-09-26T16:58:22","date_gmt":"2017-09-26T14:58:22","guid":{"rendered":"http:\/\/schwalmgranaten.de\/?p=193"},"modified":"2017-09-26T16:59:07","modified_gmt":"2017-09-26T14:59:07","slug":"die-oktoberfest-saison-ist-eroeffnet-und-die-schwalmgranaten-sind-dabei","status":"publish","type":"post","link":"https:\/\/schwalmgranaten.de\/index.php\/2017\/09\/26\/die-oktoberfest-saison-ist-eroeffnet-und-die-schwalmgranaten-sind-dabei\/","title":{"rendered":"Die Oktoberfest-Saison ist er\u00f6ffnet &#8211; und die Schwalmgranaten sind dabei!"},"content":{"rendered":"<p style=\"text-align: center;\"><strong>O&#8217;zapft is!\u00a0<\/strong><\/p>\n<p>Schon seit einigen Tagen ist die Oktoberfest-Saison er\u00f6ffnet und auch wir freuen uns schon auf zwei ganz besondere Oktoberfeste in der sch\u00f6nen Schwalm.<br \/>\nAm <strong>01.10.<\/strong> k\u00f6nnt ihr beim Oktoberfest der Feuerwehr Wasenberg\u00a0beim Fr\u00fchschoppen ganz nach unserem Motto &#8222;mit Lederhos&#8216; und Blech&#8220; mit uns feiern.<br \/>\nAm <strong>07.10.<\/strong> werden wir bei der\u00a0Feuerwehr Wiera\u00a0an deren Oktoberfest abends f\u00fcr z\u00fcnftige Musik und ausgelassene Stimmung sorgen.<\/p>\n<div class=\"text_exposed_show\">\n<p>Also: Sucht schon mal Euer Dirndl und die Lederhosen raus, wir freuen uns auf Euch!<\/p>\n<p>PS: Alle Veranstaltungen und News von uns k\u00f6nnt Ihr auch auf unserer Facebook-Seite einsehen. Gebt uns, wenn ihr m\u00f6gt, Euren &#8222;Like&#8220; und dr\u00fcckt bei den Veranstaltungen auf &#8222;Teilnehmen&#8220;.<\/p>\n<p>&nbsp;<\/p>\n<\/div>\n","protected":false},"excerpt":{"rendered":"<p>O&#8217;zapft is!\u00a0 Schon seit einigen Tagen ist die Oktoberfest-Saison er\u00f6ffnet und auch wir freuen uns schon auf zwei ganz besondere Oktoberfeste in der sch\u00f6nen Schwalm. Am 01.10. k\u00f6nnt ihr beim Oktoberfest der Feuerwehr Wasenberg\u00a0beim Fr\u00fchschoppen ganz nach unserem Motto &#8222;mit Lederhos&#8216; und Blech&#8220; mit uns feiern. Am 07.10. werden wir bei der\u00a0Feuerwehr Wiera\u00a0an deren Oktoberfest [&hellip;]<\/p>\n","protected":false},"author":3,"featured_media":0,"comment_status":"open","ping_status":"open","sticky":false,"template":"","format":"standard","meta":[],"categories":[4,1],"tags":[],"_links":{"self":[{"href":"https:\/\/schwalmgranaten.de\/index.php\/wp-json\/wp\/v2\/posts\/193"}],"collection":[{"href":"https:\/\/schwalmgranaten.de\/index.php\/wp-json\/wp\/v2\/posts"}],"about":[{"href":"https:\/\/schwalmgranaten.de\/index.php\/wp-json\/wp\/v2\/types\/post"}],"author":[{"embeddable":true,"href":"https:\/\/schwalmgranaten.de\/index.php\/wp-json\/wp\/v2\/users\/3"}],"replies":[{"embeddable":true,"href":"https:\/\/schwalmgranaten.de\/index.php\/wp-json\/wp\/v2\/comments?post=193"}],"version-history":[{"count":1,"href":"https:\/\/schwalmgranaten.de\/index.php\/wp-json\/wp\/v2\/posts\/193\/revisions"}],"predecessor-version":[{"id":194,"href":"https:\/\/schwalmgranaten.de\/index.php\/wp-json\/wp\/v2\/posts\/193\/revisions\/194"}],"wp:attachment":[{"href":"https:\/\/schwalmgranaten.de\/index.php\/wp-json\/wp\/v2\/media?parent=193"}],"wp:term":[{"taxonomy":"category","embeddable":true,"href":"https:\/\/schwalmgranaten.de\/index.php\/wp-json\/wp\/v2\/categories?post=193"},{"taxonomy":"post_tag","embeddable":true,"href":"https:\/\/schwalmgranaten.de\/index.php\/wp-json\/wp\/v2\/tags?post=193"}],"curies":[{"name":"wp","href":"https:\/\/api.w.org\/{rel}","templated":true}]}}